{"id":487,"date":"2026-04-29T11:10:20","date_gmt":"2026-04-29T14:10:20","guid":{"rendered":"https:\/\/sasadvocacia.adv.br\/?p=487"},"modified":"2026-04-29T11:38:52","modified_gmt":"2026-04-29T14:38:52","slug":"se-machucou-durante-uma-competicao-esportiva-saiba-se-cabe-indenizacao","status":"publish","type":"post","link":"https:\/\/www.sasadvocacia.adv.br\/index.php\/2026\/04\/29\/se-machucou-durante-uma-competicao-esportiva-saiba-se-cabe-indenizacao\/","title":{"rendered":"Se MACHUCOU durante uma competi\u00e7\u00e3o esportiva ? Saiba se cabe indeniza\u00e7\u00e3o!"},"content":{"rendered":"\n<p>Nem todo acidente em competi\u00e7\u00f5es gera indeniza\u00e7\u00e3o, mas em alguns casos a lei pode garantir esse direito. Tudo depende do tipo de evento e das circunst\u00e2ncias em que o acidente ocorreu.<\/p>\n\n\n\n<p>Se a competi\u00e7\u00e3o for organizada pela empresa como parte das atividades de trabalho, o acidente pode ser tratado como acidente de trabalho.<\/p>\n\n\n\n<p>Nessa situa\u00e7\u00e3o, a responsabilidade pode recair sobre o empregador, principalmente se houver falhas de seguran\u00e7a no evento.<\/p>\n\n\n\n<p>Quando o evento \u00e9 apenas de lazer, sem v\u00ednculo com o trabalho, a indeniza\u00e7\u00e3o n\u00e3o \u00e9 autom\u00e1tica.<\/p>\n\n\n\n<p>No entanto, se ficar comprovada alguma neglig\u00eancia dos organizadores, ainda pode haver responsabilidade.<\/p>\n\n\n\n<p>Em alguns casos, o acidente ocorrido no trajeto at\u00e9 o local pode ser analisado como acidente de trajeto, o que tamb\u00e9m pode abrir espa\u00e7o para indeniza\u00e7\u00e3o.<\/p>\n\n\n\n<p>E dependendo do caso, o atleta pode pleitear reembolso de despesas m\u00e9dicas, valores por perda de renda e at\u00e9 indeniza\u00e7\u00e3o por danos morais, diante do sofrimento causado.<\/p>\n\n\n\n<p>Cada situa\u00e7\u00e3o \u00e9 \u00fanica. Para fortalecer a prova, \u00e9 importante reunir documentos como boletim de ocorr\u00eancia, laudos m\u00e9dicos e comprovantes de gastos e sempre buscar ajuda de um advogado especializado.<\/p>\n","protected":false},"excerpt":{"rendered":"<p>Nem todo acidente em competi\u00e7\u00f5es gera indeniza\u00e7\u00e3o, mas em alguns casos a lei pode garantir esse direito. Tudo depende do tipo de evento e das circunst\u00e2ncias em que o acidente ocorreu. Se a competi\u00e7\u00e3o for organizada pela empresa como parte das atividades de trabalho, o acidente pode ser tratado como acidente de trabalho. Nessa situa\u00e7\u00e3o, [&hellip;]<\/p>\n","protected":false},"author":6,"featured_media":491,"comment_status":"open","ping_status":"open","sticky":false,"template":"","format":"standard","meta":{"footnotes":""},"categories":[1],"tags":[],"class_list":["post-487","post","type-post","status-publish","format-standard","has-post-thumbnail","hentry","category-blog"],"_links":{"self":[{"href":"https:\/\/www.sasadvocacia.adv.br\/index.php\/wp-json\/wp\/v2\/posts\/487","targetHints":{"allow":["GET"]}}],"collection":[{"href":"https:\/\/www.sasadvocacia.adv.br\/index.php\/wp-json\/wp\/v2\/posts"}],"about":[{"href":"https:\/\/www.sasadvocacia.adv.br\/index.php\/wp-json\/wp\/v2\/types\/post"}],"author":[{"embeddable":true,"href":"https:\/\/www.sasadvocacia.adv.br\/index.php\/wp-json\/wp\/v2\/users\/6"}],"replies":[{"embeddable":true,"href":"https:\/\/www.sasadvocacia.adv.br\/index.php\/wp-json\/wp\/v2\/comments?post=487"}],"version-history":[{"count":1,"href":"https:\/\/www.sasadvocacia.adv.br\/index.php\/wp-json\/wp\/v2\/posts\/487\/revisions"}],"predecessor-version":[{"id":489,"href":"https:\/\/www.sasadvocacia.adv.br\/index.php\/wp-json\/wp\/v2\/posts\/487\/revisions\/489"}],"wp:featuredmedia":[{"embeddable":true,"href":"https:\/\/www.sasadvocacia.adv.br\/index.php\/wp-json\/wp\/v2\/media\/491"}],"wp:attachment":[{"href":"https:\/\/www.sasadvocacia.adv.br\/index.php\/wp-json\/wp\/v2\/media?parent=487"}],"wp:term":[{"taxonomy":"category","embeddable":true,"href":"https:\/\/www.sasadvocacia.adv.br\/index.php\/wp-json\/wp\/v2\/categories?post=487"},{"taxonomy":"post_tag","embeddable":true,"href":"https:\/\/www.sasadvocacia.adv.br\/index.php\/wp-json\/wp\/v2\/tags?post=487"}],"curies":[{"name":"wp","href":"https:\/\/api.w.org\/{rel}","templated":true}]}}